{"id":3180,"date":"2021-01-22T18:05:39","date_gmt":"2021-01-22T17:05:39","guid":{"rendered":"https:\/\/ballroom.paris\/?p=3180"},"modified":"2021-01-31T10:23:02","modified_gmt":"2021-01-31T09:23:02","slug":"portrait-of-a-man","status":"publish","type":"post","link":"https:\/\/ballroom.paris\/fr\/portrait-of-a-man\/","title":{"rendered":"Portrait of a man"},"content":{"rendered":"<p>Sara Imloul \u00e0 r\u00e9alis\u00e9 ce film pour Aldo Maria Camillo et la Fashion week de Paris.<\/p>\n<p><div class=\"video-shortcode\"><iframe title=\"PORTRAIT OF A MAN\" width=\"1728\" height=\"972\" src=\"https:\/\/www.youtube.com\/embed\/lj42JDAMPEg?feature=oembed\" frameborder=\"0\" allow=\"accelerometer; autoplay; clipboard-write; encrypted-media; gyroscope; picture-in-picture\" allowfullscreen><\/iframe><\/div><\/p>\n","protected":false},"excerpt":{"rendered":"<p>Sara Imloul \u00e0 r\u00e9alis\u00e9 ce film pour Aldo Maria Camillo  [&#8230;]<\/p>\n","protected":false},"author":5,"featured_media":3182,"comment_status":"closed","ping_status":"closed","sticky":false,"template":"","format":"standard","meta":{"_acf_changed":false,"_jetpack_memberships_contains_paid_content":false,"footnotes":""},"categories":[62],"class_list":["post-3180","post","type-post","status-publish","format-standard","has-post-thumbnail","hentry","category-non-classifiee","tag-mode","article_type-news"],"acf":[],"yoast_head":"<!-- This site is optimized with the Yoast SEO plugin v26.3 - https:\/\/yoast.com\/wordpress\/plugins\/seo\/ -->\n<title>Portrait of a man - Ballroom - Agence de talents<\/title>\n<meta name=\"description\" content=\"Portrait of a man a \u00e9t\u00e9 r\u00e9alis\u00e9 pour Aldo Maria Camillo par Sara Imloul, artiste et photographe repr\u00e9sent\u00e9e par Ballroom Paris.\" \/>\n<meta name=\"robots\" content=\"index, follow, max-snippet:-1, max-image-preview:large, max-video-preview:-1\" \/>\n<link rel=\"canonical\" href=\"https:\/\/ballroom.paris\/fr\/portrait-of-a-man\/\" \/>\n<meta property=\"og:locale\" content=\"fr_FR\" \/>\n<meta property=\"og:type\" content=\"article\" \/>\n<meta property=\"og:title\" content=\"Portrait of a man - Ballroom - Agence de talents\" \/>\n<meta property=\"og:description\" content=\"Portrait of a man a \u00e9t\u00e9 r\u00e9alis\u00e9 pour Aldo Maria Camillo par Sara Imloul, artiste et photographe repr\u00e9sent\u00e9e par Ballroom Paris.\" \/>\n<meta property=\"og:url\" content=\"https:\/\/ballroom.paris\/fr\/portrait-of-a-man\/\" \/>\n<meta property=\"og:site_name\" content=\"Ballroom - Agence de talents\" \/>\n<meta property=\"article:publisher\" content=\"https:\/\/www.facebook.com\/Ballroomparis-344558813399889\" \/>\n<meta property=\"article:published_time\" content=\"2021-01-22T17:05:39+00:00\" \/>\n<meta property=\"article:modified_time\" content=\"2021-01-31T09:23:02+00:00\" \/>\n<meta property=\"og:image\" content=\"https:\/\/ballroom.paris\/wp-content\/uploads\/2021\/01\/Capture-decran-2021-01-22-a-18.08.39.jpg\" \/>\n\t<meta property=\"og:image:width\" content=\"1920\" \/>\n\t<meta property=\"og:image:height\" content=\"1034\" \/>\n\t<meta property=\"og:image:type\" content=\"image\/jpeg\" \/>\n<meta name=\"author\" content=\"Hermine\" \/>\n<meta name=\"twitter:card\" content=\"summary_large_image\" \/>\n<meta name=\"twitter:creator\" content=\"@BallroomParis\" \/>\n<meta name=\"twitter:site\" content=\"@BallroomParis\" \/>\n<meta name=\"twitter:label1\" content=\"\u00c9crit par\" \/>\n\t<meta name=\"twitter:data1\" content=\"Hermine\" \/>\n\t<meta name=\"twitter:label2\" content=\"Dur\u00e9e de lecture estim\u00e9e\" \/>\n\t<meta name=\"twitter:data2\" content=\"1 minute\" \/>\n<script type=\"application\/ld+json\" class=\"yoast-schema-graph\">{\"@context\":\"https:\/\/schema.org\",\"@graph\":[{\"@type\":\"Article\",\"@id\":\"https:\/\/ballroom.paris\/fr\/portrait-of-a-man\/#article\",\"isPartOf\":{\"@id\":\"https:\/\/ballroom.paris\/fr\/portrait-of-a-man\/\"},\"author\":{\"name\":\"Hermine\",\"@id\":\"https:\/\/ballroom.paris\/fr\/#\/schema\/person\/a0c69cea10b3aba42651f9875ca2eb74\"},\"headline\":\"Portrait of a man\",\"datePublished\":\"2021-01-22T17:05:39+00:00\",\"dateModified\":\"2021-01-31T09:23:02+00:00\",\"mainEntityOfPage\":{\"@id\":\"https:\/\/ballroom.paris\/fr\/portrait-of-a-man\/\"},\"wordCount\":25,\"publisher\":{\"@id\":\"https:\/\/ballroom.paris\/fr\/#organization\"},\"image\":{\"@id\":\"https:\/\/ballroom.paris\/fr\/portrait-of-a-man\/#primaryimage\"},\"thumbnailUrl\":\"https:\/\/ballroom.paris\/wp-content\/uploads\/2021\/01\/Capture-decran-2021-01-22-a-18.08.39.jpg\",\"keywords\":[\"Mode\"],\"articleSection\":[\"Non classifi\u00e9(e)\"],\"inLanguage\":\"fr-FR\"},{\"@type\":\"WebPage\",\"@id\":\"https:\/\/ballroom.paris\/fr\/portrait-of-a-man\/\",\"url\":\"https:\/\/ballroom.paris\/fr\/portrait-of-a-man\/\",\"name\":\"Portrait of a man - Ballroom - Agence de talents\",\"isPartOf\":{\"@id\":\"https:\/\/ballroom.paris\/fr\/#website\"},\"primaryImageOfPage\":{\"@id\":\"https:\/\/ballroom.paris\/fr\/portrait-of-a-man\/#primaryimage\"},\"image\":{\"@id\":\"https:\/\/ballroom.paris\/fr\/portrait-of-a-man\/#primaryimage\"},\"thumbnailUrl\":\"https:\/\/ballroom.paris\/wp-content\/uploads\/2021\/01\/Capture-decran-2021-01-22-a-18.08.39.jpg\",\"datePublished\":\"2021-01-22T17:05:39+00:00\",\"dateModified\":\"2021-01-31T09:23:02+00:00\",\"description\":\"Portrait of a man a \u00e9t\u00e9 r\u00e9alis\u00e9 pour Aldo Maria Camillo par Sara Imloul, artiste et photographe repr\u00e9sent\u00e9e par Ballroom Paris.\",\"breadcrumb\":{\"@id\":\"https:\/\/ballroom.paris\/fr\/portrait-of-a-man\/#breadcrumb\"},\"inLanguage\":\"fr-FR\",\"potentialAction\":[{\"@type\":\"ReadAction\",\"target\":[\"https:\/\/ballroom.paris\/fr\/portrait-of-a-man\/\"]}]},{\"@type\":\"ImageObject\",\"inLanguage\":\"fr-FR\",\"@id\":\"https:\/\/ballroom.paris\/fr\/portrait-of-a-man\/#primaryimage\",\"url\":\"https:\/\/ballroom.paris\/wp-content\/uploads\/2021\/01\/Capture-decran-2021-01-22-a-18.08.39.jpg\",\"contentUrl\":\"https:\/\/ballroom.paris\/wp-content\/uploads\/2021\/01\/Capture-decran-2021-01-22-a-18.08.39.jpg\",\"width\":1920,\"height\":1034,\"caption\":\"Capture decran 2021 01 22 a 18.08.39\"},{\"@type\":\"BreadcrumbList\",\"@id\":\"https:\/\/ballroom.paris\/fr\/portrait-of-a-man\/#breadcrumb\",\"itemListElement\":[{\"@type\":\"ListItem\",\"position\":1,\"name\":\"Accueil\",\"item\":\"https:\/\/ballroom.paris\/fr\/\"},{\"@type\":\"ListItem\",\"position\":2,\"name\":\"Portrait of a man\"}]},{\"@type\":\"WebSite\",\"@id\":\"https:\/\/ballroom.paris\/fr\/#website\",\"url\":\"https:\/\/ballroom.paris\/fr\/\",\"name\":\"Ballroom - Talents agency\",\"description\":\"Agence de talents\",\"publisher\":{\"@id\":\"https:\/\/ballroom.paris\/fr\/#organization\"},\"potentialAction\":[{\"@type\":\"SearchAction\",\"target\":{\"@type\":\"EntryPoint\",\"urlTemplate\":\"https:\/\/ballroom.paris\/fr\/?s={search_term_string}\"},\"query-input\":{\"@type\":\"PropertyValueSpecification\",\"valueRequired\":true,\"valueName\":\"search_term_string\"}}],\"inLanguage\":\"fr-FR\"},{\"@type\":\"Organization\",\"@id\":\"https:\/\/ballroom.paris\/fr\/#organization\",\"name\":\"Ballroom\",\"url\":\"https:\/\/ballroom.paris\/fr\/\",\"logo\":{\"@type\":\"ImageObject\",\"inLanguage\":\"fr-FR\",\"@id\":\"https:\/\/ballroom.paris\/fr\/#\/schema\/logo\/image\/\",\"url\":\"https:\/\/ballroom.paris\/wp-content\/uploads\/2020\/11\/Ballroom-black-334x76-1.png\",\"contentUrl\":\"https:\/\/ballroom.paris\/wp-content\/uploads\/2020\/11\/Ballroom-black-334x76-1.png\",\"width\":334,\"height\":76,\"caption\":\"Ballroom\"},\"image\":{\"@id\":\"https:\/\/ballroom.paris\/fr\/#\/schema\/logo\/image\/\"},\"sameAs\":[\"https:\/\/www.facebook.com\/Ballroomparis-344558813399889\",\"https:\/\/x.com\/BallroomParis\",\"https:\/\/www.instagram.com\/ballroom.paris\/\",\"https:\/\/www.linkedin.com\/company\/ballroom-paris\"]},{\"@type\":\"Person\",\"@id\":\"https:\/\/ballroom.paris\/fr\/#\/schema\/person\/a0c69cea10b3aba42651f9875ca2eb74\",\"name\":\"Hermine\",\"image\":{\"@type\":\"ImageObject\",\"inLanguage\":\"fr-FR\",\"@id\":\"https:\/\/ballroom.paris\/fr\/#\/schema\/person\/image\/\",\"url\":\"https:\/\/secure.gravatar.com\/avatar\/773ec922043d403b969b7f65c4a9bef9b31b2c809b3a68beb7939775eefa57a5?s=96&d=mm&r=g\",\"contentUrl\":\"https:\/\/secure.gravatar.com\/avatar\/773ec922043d403b969b7f65c4a9bef9b31b2c809b3a68beb7939775eefa57a5?s=96&d=mm&r=g\",\"caption\":\"Hermine\"}}]}<\/script>\n<!-- \/ Yoast SEO plugin. -->","yoast_head_json":{"title":"Portrait of a man - Ballroom - Agence de talents","description":"Portrait of a man a \u00e9t\u00e9 r\u00e9alis\u00e9 pour Aldo Maria Camillo par Sara Imloul, artiste et photographe repr\u00e9sent\u00e9e par Ballroom Paris.","robots":{"index":"index","follow":"follow","max-snippet":"max-snippet:-1","max-image-preview":"max-image-preview:large","max-video-preview":"max-video-preview:-1"},"canonical":"https:\/\/ballroom.paris\/fr\/portrait-of-a-man\/","og_locale":"fr_FR","og_type":"article","og_title":"Portrait of a man - Ballroom - Agence de talents","og_description":"Portrait of a man a \u00e9t\u00e9 r\u00e9alis\u00e9 pour Aldo Maria Camillo par Sara Imloul, artiste et photographe repr\u00e9sent\u00e9e par Ballroom Paris.","og_url":"https:\/\/ballroom.paris\/fr\/portrait-of-a-man\/","og_site_name":"Ballroom - Agence de talents","article_publisher":"https:\/\/www.facebook.com\/Ballroomparis-344558813399889","article_published_time":"2021-01-22T17:05:39+00:00","article_modified_time":"2021-01-31T09:23:02+00:00","og_image":[{"width":1920,"height":1034,"url":"https:\/\/ballroom.paris\/wp-content\/uploads\/2021\/01\/Capture-decran-2021-01-22-a-18.08.39.jpg","type":"image\/jpeg"}],"author":"Hermine","twitter_card":"summary_large_image","twitter_creator":"@BallroomParis","twitter_site":"@BallroomParis","twitter_misc":{"\u00c9crit par":"Hermine","Dur\u00e9e de lecture estim\u00e9e":"1 minute"},"schema":{"@context":"https:\/\/schema.org","@graph":[{"@type":"Article","@id":"https:\/\/ballroom.paris\/fr\/portrait-of-a-man\/#article","isPartOf":{"@id":"https:\/\/ballroom.paris\/fr\/portrait-of-a-man\/"},"author":{"name":"Hermine","@id":"https:\/\/ballroom.paris\/fr\/#\/schema\/person\/a0c69cea10b3aba42651f9875ca2eb74"},"headline":"Portrait of a man","datePublished":"2021-01-22T17:05:39+00:00","dateModified":"2021-01-31T09:23:02+00:00","mainEntityOfPage":{"@id":"https:\/\/ballroom.paris\/fr\/portrait-of-a-man\/"},"wordCount":25,"publisher":{"@id":"https:\/\/ballroom.paris\/fr\/#organization"},"image":{"@id":"https:\/\/ballroom.paris\/fr\/portrait-of-a-man\/#primaryimage"},"thumbnailUrl":"https:\/\/ballroom.paris\/wp-content\/uploads\/2021\/01\/Capture-decran-2021-01-22-a-18.08.39.jpg","keywords":["Mode"],"articleSection":["Non classifi\u00e9(e)"],"inLanguage":"fr-FR"},{"@type":"WebPage","@id":"https:\/\/ballroom.paris\/fr\/portrait-of-a-man\/","url":"https:\/\/ballroom.paris\/fr\/portrait-of-a-man\/","name":"Portrait of a man - Ballroom - Agence de talents","isPartOf":{"@id":"https:\/\/ballroom.paris\/fr\/#website"},"primaryImageOfPage":{"@id":"https:\/\/ballroom.paris\/fr\/portrait-of-a-man\/#primaryimage"},"image":{"@id":"https:\/\/ballroom.paris\/fr\/portrait-of-a-man\/#primaryimage"},"thumbnailUrl":"https:\/\/ballroom.paris\/wp-content\/uploads\/2021\/01\/Capture-decran-2021-01-22-a-18.08.39.jpg","datePublished":"2021-01-22T17:05:39+00:00","dateModified":"2021-01-31T09:23:02+00:00","description":"Portrait of a man a \u00e9t\u00e9 r\u00e9alis\u00e9 pour Aldo Maria Camillo par Sara Imloul, artiste et photographe repr\u00e9sent\u00e9e par Ballroom Paris.","breadcrumb":{"@id":"https:\/\/ballroom.paris\/fr\/portrait-of-a-man\/#breadcrumb"},"inLanguage":"fr-FR","potentialAction":[{"@type":"ReadAction","target":["https:\/\/ballroom.paris\/fr\/portrait-of-a-man\/"]}]},{"@type":"ImageObject","inLanguage":"fr-FR","@id":"https:\/\/ballroom.paris\/fr\/portrait-of-a-man\/#primaryimage","url":"https:\/\/ballroom.paris\/wp-content\/uploads\/2021\/01\/Capture-decran-2021-01-22-a-18.08.39.jpg","contentUrl":"https:\/\/ballroom.paris\/wp-content\/uploads\/2021\/01\/Capture-decran-2021-01-22-a-18.08.39.jpg","width":1920,"height":1034,"caption":"Capture decran 2021 01 22 a 18.08.39"},{"@type":"BreadcrumbList","@id":"https:\/\/ballroom.paris\/fr\/portrait-of-a-man\/#breadcrumb","itemListElement":[{"@type":"ListItem","position":1,"name":"Accueil","item":"https:\/\/ballroom.paris\/fr\/"},{"@type":"ListItem","position":2,"name":"Portrait of a man"}]},{"@type":"WebSite","@id":"https:\/\/ballroom.paris\/fr\/#website","url":"https:\/\/ballroom.paris\/fr\/","name":"Ballroom - Talents agency","description":"Agence de talents","publisher":{"@id":"https:\/\/ballroom.paris\/fr\/#organization"},"potentialAction":[{"@type":"SearchAction","target":{"@type":"EntryPoint","urlTemplate":"https:\/\/ballroom.paris\/fr\/?s={search_term_string}"},"query-input":{"@type":"PropertyValueSpecification","valueRequired":true,"valueName":"search_term_string"}}],"inLanguage":"fr-FR"},{"@type":"Organization","@id":"https:\/\/ballroom.paris\/fr\/#organization","name":"Ballroom","url":"https:\/\/ballroom.paris\/fr\/","logo":{"@type":"ImageObject","inLanguage":"fr-FR","@id":"https:\/\/ballroom.paris\/fr\/#\/schema\/logo\/image\/","url":"https:\/\/ballroom.paris\/wp-content\/uploads\/2020\/11\/Ballroom-black-334x76-1.png","contentUrl":"https:\/\/ballroom.paris\/wp-content\/uploads\/2020\/11\/Ballroom-black-334x76-1.png","width":334,"height":76,"caption":"Ballroom"},"image":{"@id":"https:\/\/ballroom.paris\/fr\/#\/schema\/logo\/image\/"},"sameAs":["https:\/\/www.facebook.com\/Ballroomparis-344558813399889","https:\/\/x.com\/BallroomParis","https:\/\/www.instagram.com\/ballroom.paris\/","https:\/\/www.linkedin.com\/company\/ballroom-paris"]},{"@type":"Person","@id":"https:\/\/ballroom.paris\/fr\/#\/schema\/person\/a0c69cea10b3aba42651f9875ca2eb74","name":"Hermine","image":{"@type":"ImageObject","inLanguage":"fr-FR","@id":"https:\/\/ballroom.paris\/fr\/#\/schema\/person\/image\/","url":"https:\/\/secure.gravatar.com\/avatar\/773ec922043d403b969b7f65c4a9bef9b31b2c809b3a68beb7939775eefa57a5?s=96&d=mm&r=g","contentUrl":"https:\/\/secure.gravatar.com\/avatar\/773ec922043d403b969b7f65c4a9bef9b31b2c809b3a68beb7939775eefa57a5?s=96&d=mm&r=g","caption":"Hermine"}}]}},"jetpack_featured_media_url":"https:\/\/ballroom.paris\/wp-content\/uploads\/2021\/01\/Capture-decran-2021-01-22-a-18.08.39.jpg","jetpack_sharing_enabled":true,"_links":{"self":[{"href":"https:\/\/ballroom.paris\/fr\/wp-json\/wp\/v2\/posts\/3180","targetHints":{"allow":["GET"]}}],"collection":[{"href":"https:\/\/ballroom.paris\/fr\/wp-json\/wp\/v2\/posts"}],"about":[{"href":"https:\/\/ballroom.paris\/fr\/wp-json\/wp\/v2\/types\/post"}],"author":[{"embeddable":true,"href":"https:\/\/ballroom.paris\/fr\/wp-json\/wp\/v2\/users\/5"}],"replies":[{"embeddable":true,"href":"https:\/\/ballroom.paris\/fr\/wp-json\/wp\/v2\/comments?post=3180"}],"version-history":[{"count":0,"href":"https:\/\/ballroom.paris\/fr\/wp-json\/wp\/v2\/posts\/3180\/revisions"}],"wp:featuredmedia":[{"embeddable":true,"href":"https:\/\/ballroom.paris\/fr\/wp-json\/wp\/v2\/media\/3182"}],"wp:attachment":[{"href":"https:\/\/ballroom.paris\/fr\/wp-json\/wp\/v2\/media?parent=3180"}],"wp:term":[{"taxonomy":"category","embeddable":true,"href":"https:\/\/ballroom.paris\/fr\/wp-json\/wp\/v2\/categories?post=3180"}],"curies":[{"name":"wp","href":"https:\/\/api.w.org\/{rel}","templated":true}]}}